{"id":26022,"date":"2014-06-01T00:00:40","date_gmt":"2014-05-31T22:00:40","guid":{"rendered":"https:\/\/www.fundacionpombo.org\/aporofobia-la-fobia-al-pobre\/"},"modified":"2021-03-16T18:16:45","modified_gmt":"2021-03-16T17:16:45","slug":"aporophobia-fear-of-poverty","status":"publish","type":"post","link":"https:\/\/www.fundacionpombo.org\/en\/aporophobia-fear-of-poverty\/","title":{"rendered":"Aporophobia: fear of poverty"},"content":{"rendered":"<p>This report performs a legal analysis, by drawing on the fundamental right of equality and non-discrimination in the Spanish Constitution, on the criminal treatment and procedure for hate crimes against homeless people in the current penal code.<\/p>\n<p>It was the first legal report on hate crimes against homeless people, prepared at the UNIR Legal Clinic &#8211; Fernando Pombo Foundation, in collaboration with the RAIS Foundation.<\/p>\n","protected":false},"excerpt":{"rendered":"<p>This report performs a legal analysis, by drawing on the fundamental right of equality and non-discrimination in the Spanish Constitution, on the criminal treatment and procedure for hate crimes against homeless people in the current penal code. It was the first legal report on hate crimes against homeless people, prepared at the UNIR Legal Clinic &#8211; Fernando Pombo Foundation, in collaboration with the RAIS Foundation.<\/p>\n","protected":false},"author":2,"featured_media":25097,"comment_status":"closed","ping_status":"closed","sticky":false,"template":"","format":"standard","meta":{"wds_primary_category":0,"footnotes":""},"categories":[160],"tags":[],"class_list":["post-26022","post","type-post","status-publish","format-standard","has-post-thumbnail","hentry","category-publications"],"yoast_head":"<!-- This site is optimized with the Yoast SEO plugin v27.5 - https:\/\/yoast.com\/product\/yoast-seo-wordpress\/ -->\n<title>Aporophobia: fear of poverty - Fundaci\u00f3n Fernando Pombo<\/title>\n<meta name=\"robots\" content=\"index, follow, max-snippet:-1, max-image-preview:large, max-video-preview:-1\" \/>\n<link rel=\"canonical\" href=\"https:\/\/www.fundacionpombo.org\/en\/aporophobia-fear-of-poverty\/\" \/>\n<meta property=\"og:locale\" content=\"en_US\" \/>\n<meta property=\"og:type\" content=\"article\" \/>\n<meta property=\"og:title\" content=\"Aporophobia: fear of poverty - Fundaci\u00f3n Fernando Pombo\" \/>\n<meta property=\"og:description\" content=\"This report performs a legal analysis, by drawing on the fundamental right of equality and non-discrimination in the Spanish Constitution, on the criminal treatment and procedure for hate crimes against homeless people in the current penal code. It was the first legal report on hate crimes against homeless people, prepared at the UNIR Legal Clinic &#8211; Fernando Pombo Foundation, in collaboration with the RAIS Foundation.\" \/>\n<meta property=\"og:url\" content=\"https:\/\/www.fundacionpombo.org\/en\/aporophobia-fear-of-poverty\/\" \/>\n<meta property=\"og:site_name\" content=\"Fundaci\u00f3n Fernando Pombo\" \/>\n<meta property=\"article:publisher\" content=\"https:\/\/www.facebook.com\/FundacionFernandoPombo\" \/>\n<meta property=\"article:published_time\" content=\"2014-05-31T22:00:40+00:00\" \/>\n<meta property=\"article:modified_time\" content=\"2021-03-16T17:16:45+00:00\" \/>\n<meta property=\"og:image\" content=\"https:\/\/www.fundacionpombo.org\/web\/wp-content\/uploads\/2020\/03\/Informe-juri\u0301dico-sobre-aporofobia.png\" \/>\n\t<meta property=\"og:image:width\" content=\"1254\" \/>\n\t<meta property=\"og:image:height\" content=\"1662\" \/>\n\t<meta property=\"og:image:type\" content=\"image\/png\" \/>\n<meta name=\"author\" content=\"Mer\" \/>\n<meta name=\"twitter:card\" content=\"summary_large_image\" \/>\n<meta name=\"twitter:creator\" content=\"@FundacionFPombo\" \/>\n<meta name=\"twitter:site\" content=\"@FundacionFPombo\" \/>\n<script type=\"application\/ld+json\" class=\"yoast-schema-graph\">{\"@context\":\"https:\\\/\\\/schema.org\",\"@graph\":[{\"@type\":\"Article\",\"@id\":\"https:\\\/\\\/www.fundacionpombo.org\\\/en\\\/aporophobia-fear-of-poverty\\\/#article\",\"isPartOf\":{\"@id\":\"https:\\\/\\\/www.fundacionpombo.org\\\/en\\\/aporophobia-fear-of-poverty\\\/\"},\"author\":{\"name\":\"Mer\",\"@id\":\"https:\\\/\\\/www.fundacionpombo.org\\\/en\\\/#\\\/schema\\\/person\\\/f02ae5a0df8b880542c84ab28d453c91\"},\"headline\":\"Aporophobia: fear of poverty\",\"datePublished\":\"2014-05-31T22:00:40+00:00\",\"dateModified\":\"2021-03-16T17:16:45+00:00\",\"mainEntityOfPage\":{\"@id\":\"https:\\\/\\\/www.fundacionpombo.org\\\/en\\\/aporophobia-fear-of-poverty\\\/\"},\"wordCount\":69,\"image\":{\"@id\":\"https:\\\/\\\/www.fundacionpombo.org\\\/en\\\/aporophobia-fear-of-poverty\\\/#primaryimage\"},\"thumbnailUrl\":\"https:\\\/\\\/www.fundacionpombo.org\\\/web\\\/wp-content\\\/uploads\\\/2020\\\/03\\\/Informe-juri\u0301dico-sobre-aporofobia.png\",\"articleSection\":[\"Publications\"],\"inLanguage\":\"en-US\"},{\"@type\":\"WebPage\",\"@id\":\"https:\\\/\\\/www.fundacionpombo.org\\\/en\\\/aporophobia-fear-of-poverty\\\/\",\"url\":\"https:\\\/\\\/www.fundacionpombo.org\\\/en\\\/aporophobia-fear-of-poverty\\\/\",\"name\":\"Aporophobia: fear of poverty - Fundaci\u00f3n Fernando Pombo\",\"isPartOf\":{\"@id\":\"https:\\\/\\\/www.fundacionpombo.org\\\/en\\\/#website\"},\"primaryImageOfPage\":{\"@id\":\"https:\\\/\\\/www.fundacionpombo.org\\\/en\\\/aporophobia-fear-of-poverty\\\/#primaryimage\"},\"image\":{\"@id\":\"https:\\\/\\\/www.fundacionpombo.org\\\/en\\\/aporophobia-fear-of-poverty\\\/#primaryimage\"},\"thumbnailUrl\":\"https:\\\/\\\/www.fundacionpombo.org\\\/web\\\/wp-content\\\/uploads\\\/2020\\\/03\\\/Informe-juri\u0301dico-sobre-aporofobia.png\",\"datePublished\":\"2014-05-31T22:00:40+00:00\",\"dateModified\":\"2021-03-16T17:16:45+00:00\",\"author\":{\"@id\":\"https:\\\/\\\/www.fundacionpombo.org\\\/en\\\/#\\\/schema\\\/person\\\/f02ae5a0df8b880542c84ab28d453c91\"},\"breadcrumb\":{\"@id\":\"https:\\\/\\\/www.fundacionpombo.org\\\/en\\\/aporophobia-fear-of-poverty\\\/#breadcrumb\"},\"inLanguage\":\"en-US\",\"potentialAction\":[{\"@type\":\"ReadAction\",\"target\":[\"https:\\\/\\\/www.fundacionpombo.org\\\/en\\\/aporophobia-fear-of-poverty\\\/\"]}]},{\"@type\":\"ImageObject\",\"inLanguage\":\"en-US\",\"@id\":\"https:\\\/\\\/www.fundacionpombo.org\\\/en\\\/aporophobia-fear-of-poverty\\\/#primaryimage\",\"url\":\"https:\\\/\\\/www.fundacionpombo.org\\\/web\\\/wp-content\\\/uploads\\\/2020\\\/03\\\/Informe-juri\u0301dico-sobre-aporofobia.png\",\"contentUrl\":\"https:\\\/\\\/www.fundacionpombo.org\\\/web\\\/wp-content\\\/uploads\\\/2020\\\/03\\\/Informe-juri\u0301dico-sobre-aporofobia.png\",\"width\":1254,\"height\":1662},{\"@type\":\"BreadcrumbList\",\"@id\":\"https:\\\/\\\/www.fundacionpombo.org\\\/en\\\/aporophobia-fear-of-poverty\\\/#breadcrumb\",\"itemListElement\":[{\"@type\":\"ListItem\",\"position\":1,\"name\":\"Portada\",\"item\":\"https:\\\/\\\/www.fundacionpombo.org\\\/en\\\/\"},{\"@type\":\"ListItem\",\"position\":2,\"name\":\"Aporophobia: fear of poverty\"}]},{\"@type\":\"WebSite\",\"@id\":\"https:\\\/\\\/www.fundacionpombo.org\\\/en\\\/#website\",\"url\":\"https:\\\/\\\/www.fundacionpombo.org\\\/en\\\/\",\"name\":\"Fundaci\u00f3n Fernando Pombo\",\"description\":\"Abogac\u00eda responsable por un mundo m\u00e1s justo\",\"potentialAction\":[{\"@type\":\"SearchAction\",\"target\":{\"@type\":\"EntryPoint\",\"urlTemplate\":\"https:\\\/\\\/www.fundacionpombo.org\\\/en\\\/?s={search_term_string}\"},\"query-input\":{\"@type\":\"PropertyValueSpecification\",\"valueRequired\":true,\"valueName\":\"search_term_string\"}}],\"inLanguage\":\"en-US\"},{\"@type\":\"Person\",\"@id\":\"https:\\\/\\\/www.fundacionpombo.org\\\/en\\\/#\\\/schema\\\/person\\\/f02ae5a0df8b880542c84ab28d453c91\",\"name\":\"Mer\"}]}<\/script>\n<!-- \/ Yoast SEO plugin. -->","yoast_head_json":{"title":"Aporophobia: fear of poverty - Fundaci\u00f3n Fernando Pombo","robots":{"index":"index","follow":"follow","max-snippet":"max-snippet:-1","max-image-preview":"max-image-preview:large","max-video-preview":"max-video-preview:-1"},"canonical":"https:\/\/www.fundacionpombo.org\/en\/aporophobia-fear-of-poverty\/","og_locale":"en_US","og_type":"article","og_title":"Aporophobia: fear of poverty - Fundaci\u00f3n Fernando Pombo","og_description":"This report performs a legal analysis, by drawing on the fundamental right of equality and non-discrimination in the Spanish Constitution, on the criminal treatment and procedure for hate crimes against homeless people in the current penal code. It was the first legal report on hate crimes against homeless people, prepared at the UNIR Legal Clinic &#8211; Fernando Pombo Foundation, in collaboration with the RAIS Foundation.","og_url":"https:\/\/www.fundacionpombo.org\/en\/aporophobia-fear-of-poverty\/","og_site_name":"Fundaci\u00f3n Fernando Pombo","article_publisher":"https:\/\/www.facebook.com\/FundacionFernandoPombo","article_published_time":"2014-05-31T22:00:40+00:00","article_modified_time":"2021-03-16T17:16:45+00:00","og_image":[{"width":1254,"height":1662,"url":"https:\/\/www.fundacionpombo.org\/web\/wp-content\/uploads\/2020\/03\/Informe-juri\u0301dico-sobre-aporofobia.png","type":"image\/png"}],"author":"Mer","twitter_card":"summary_large_image","twitter_creator":"@FundacionFPombo","twitter_site":"@FundacionFPombo","schema":{"@context":"https:\/\/schema.org","@graph":[{"@type":"Article","@id":"https:\/\/www.fundacionpombo.org\/en\/aporophobia-fear-of-poverty\/#article","isPartOf":{"@id":"https:\/\/www.fundacionpombo.org\/en\/aporophobia-fear-of-poverty\/"},"author":{"name":"Mer","@id":"https:\/\/www.fundacionpombo.org\/en\/#\/schema\/person\/f02ae5a0df8b880542c84ab28d453c91"},"headline":"Aporophobia: fear of poverty","datePublished":"2014-05-31T22:00:40+00:00","dateModified":"2021-03-16T17:16:45+00:00","mainEntityOfPage":{"@id":"https:\/\/www.fundacionpombo.org\/en\/aporophobia-fear-of-poverty\/"},"wordCount":69,"image":{"@id":"https:\/\/www.fundacionpombo.org\/en\/aporophobia-fear-of-poverty\/#primaryimage"},"thumbnailUrl":"https:\/\/www.fundacionpombo.org\/web\/wp-content\/uploads\/2020\/03\/Informe-juri\u0301dico-sobre-aporofobia.png","articleSection":["Publications"],"inLanguage":"en-US"},{"@type":"WebPage","@id":"https:\/\/www.fundacionpombo.org\/en\/aporophobia-fear-of-poverty\/","url":"https:\/\/www.fundacionpombo.org\/en\/aporophobia-fear-of-poverty\/","name":"Aporophobia: fear of poverty - Fundaci\u00f3n Fernando Pombo","isPartOf":{"@id":"https:\/\/www.fundacionpombo.org\/en\/#website"},"primaryImageOfPage":{"@id":"https:\/\/www.fundacionpombo.org\/en\/aporophobia-fear-of-poverty\/#primaryimage"},"image":{"@id":"https:\/\/www.fundacionpombo.org\/en\/aporophobia-fear-of-poverty\/#primaryimage"},"thumbnailUrl":"https:\/\/www.fundacionpombo.org\/web\/wp-content\/uploads\/2020\/03\/Informe-juri\u0301dico-sobre-aporofobia.png","datePublished":"2014-05-31T22:00:40+00:00","dateModified":"2021-03-16T17:16:45+00:00","author":{"@id":"https:\/\/www.fundacionpombo.org\/en\/#\/schema\/person\/f02ae5a0df8b880542c84ab28d453c91"},"breadcrumb":{"@id":"https:\/\/www.fundacionpombo.org\/en\/aporophobia-fear-of-poverty\/#breadcrumb"},"inLanguage":"en-US","potentialAction":[{"@type":"ReadAction","target":["https:\/\/www.fundacionpombo.org\/en\/aporophobia-fear-of-poverty\/"]}]},{"@type":"ImageObject","inLanguage":"en-US","@id":"https:\/\/www.fundacionpombo.org\/en\/aporophobia-fear-of-poverty\/#primaryimage","url":"https:\/\/www.fundacionpombo.org\/web\/wp-content\/uploads\/2020\/03\/Informe-juri\u0301dico-sobre-aporofobia.png","contentUrl":"https:\/\/www.fundacionpombo.org\/web\/wp-content\/uploads\/2020\/03\/Informe-juri\u0301dico-sobre-aporofobia.png","width":1254,"height":1662},{"@type":"BreadcrumbList","@id":"https:\/\/www.fundacionpombo.org\/en\/aporophobia-fear-of-poverty\/#breadcrumb","itemListElement":[{"@type":"ListItem","position":1,"name":"Portada","item":"https:\/\/www.fundacionpombo.org\/en\/"},{"@type":"ListItem","position":2,"name":"Aporophobia: fear of poverty"}]},{"@type":"WebSite","@id":"https:\/\/www.fundacionpombo.org\/en\/#website","url":"https:\/\/www.fundacionpombo.org\/en\/","name":"Fundaci\u00f3n Fernando Pombo","description":"Abogac\u00eda responsable por un mundo m\u00e1s justo","potentialAction":[{"@type":"SearchAction","target":{"@type":"EntryPoint","urlTemplate":"https:\/\/www.fundacionpombo.org\/en\/?s={search_term_string}"},"query-input":{"@type":"PropertyValueSpecification","valueRequired":true,"valueName":"search_term_string"}}],"inLanguage":"en-US"},{"@type":"Person","@id":"https:\/\/www.fundacionpombo.org\/en\/#\/schema\/person\/f02ae5a0df8b880542c84ab28d453c91","name":"Mer"}]}},"_links":{"self":[{"href":"https:\/\/www.fundacionpombo.org\/en\/wp-json\/wp\/v2\/posts\/26022","targetHints":{"allow":["GET"]}}],"collection":[{"href":"https:\/\/www.fundacionpombo.org\/en\/wp-json\/wp\/v2\/posts"}],"about":[{"href":"https:\/\/www.fundacionpombo.org\/en\/wp-json\/wp\/v2\/types\/post"}],"author":[{"embeddable":true,"href":"https:\/\/www.fundacionpombo.org\/en\/wp-json\/wp\/v2\/users\/2"}],"replies":[{"embeddable":true,"href":"https:\/\/www.fundacionpombo.org\/en\/wp-json\/wp\/v2\/comments?post=26022"}],"version-history":[{"count":0,"href":"https:\/\/www.fundacionpombo.org\/en\/wp-json\/wp\/v2\/posts\/26022\/revisions"}],"wp:featuredmedia":[{"embeddable":true,"href":"https:\/\/www.fundacionpombo.org\/en\/wp-json\/wp\/v2\/media\/25097"}],"wp:attachment":[{"href":"https:\/\/www.fundacionpombo.org\/en\/wp-json\/wp\/v2\/media?parent=26022"}],"wp:term":[{"taxonomy":"category","embeddable":true,"href":"https:\/\/www.fundacionpombo.org\/en\/wp-json\/wp\/v2\/categories?post=26022"},{"taxonomy":"post_tag","embeddable":true,"href":"https:\/\/www.fundacionpombo.org\/en\/wp-json\/wp\/v2\/tags?post=26022"}],"curies":[{"name":"wp","href":"https:\/\/api.w.org\/{rel}","templated":true}]}}