{"id":26029,"date":"2012-12-30T11:48:10","date_gmt":"2012-12-30T10:48:10","guid":{"rendered":"https:\/\/www.fundacionpombo.org\/la-presuncion-de-inocencia-y-los-juicios-paralelos\/"},"modified":"2021-03-16T18:18:43","modified_gmt":"2021-03-16T17:18:43","slug":"la-presuncion-de-inocencia-y-los-juicios-paralelos","status":"publish","type":"post","link":"https:\/\/www.fundacionpombo.org\/en\/la-presuncion-de-inocencia-y-los-juicios-paralelos\/","title":{"rendered":"The presumption of innocence and trials by media"},"content":{"rendered":"<p>A new work which analyses the confrontation and existing limits between the fundamental right to the presumption of innocence and the fundamental rights to freedom of information and freedom of expression related to media trials. It gathers the lectures delivered at the \u201cThe presumption of innocence and trials by media\u201d conference held in 2012 by the Fernando Pombo Foundation in the framework of the Universidad Internacional Men\u00e9ndez Pelayo (UIMP) summer courses in Santander.<\/p>\n<p><span style=\"font-weight: 400;\">\u00a0<\/span><\/p>\n<p><a href=\"https:\/\/www.dykinson.com\/libros\/presuncion-de-inocencia-y-juicios-paralelos-en-derecho-comparado\/9788490869130\/\"><span style=\"color: #f32735;\"><strong>SEE THE PUBLICATION<\/strong><\/span><\/a><\/p>\n<p>&nbsp;<\/p>\n<p>&nbsp;<\/p>\n","protected":false},"excerpt":{"rendered":"<p>A new work which analyses the confrontation and existing limits between the fundamental right to the presumption of innocence and the fundamental rights to freedom of information and freedom of expression related to media trials. It gathers the lectures delivered at the \u201cThe presumption of innocence and trials by media\u201d conference held in 2012 by the Fernando Pombo Foundation in the framework of the Universidad Internacional Men\u00e9ndez Pelayo (UIMP) summer courses in Santander. \u00a0 SEE THE PUBLICATION &nbsp; &nbsp;<\/p>\n","protected":false},"author":2,"featured_media":25099,"comment_status":"closed","ping_status":"closed","sticky":false,"template":"","format":"standard","meta":{"wds_primary_category":0,"footnotes":""},"categories":[160],"tags":[],"class_list":["post-26029","post","type-post","status-publish","format-standard","has-post-thumbnail","hentry","category-publications"],"yoast_head":"<!-- This site is optimized with the Yoast SEO plugin v27.4 - https:\/\/yoast.com\/product\/yoast-seo-wordpress\/ -->\n<title>The presumption of innocence and trials by media - Fundaci\u00f3n Fernando Pombo<\/title>\n<meta name=\"robots\" content=\"index, follow, max-snippet:-1, max-image-preview:large, max-video-preview:-1\" \/>\n<link rel=\"canonical\" href=\"https:\/\/www.fundacionpombo.org\/en\/la-presuncion-de-inocencia-y-los-juicios-paralelos\/\" \/>\n<meta property=\"og:locale\" content=\"en_US\" \/>\n<meta property=\"og:type\" content=\"article\" \/>\n<meta property=\"og:title\" content=\"The presumption of innocence and trials by media - Fundaci\u00f3n Fernando Pombo\" \/>\n<meta property=\"og:description\" content=\"A new work which analyses the confrontation and existing limits between the fundamental right to the presumption of innocence and the fundamental rights to freedom of information and freedom of expression related to media trials. It gathers the lectures delivered at the \u201cThe presumption of innocence and trials by media\u201d conference held in 2012 by the Fernando Pombo Foundation in the framework of the Universidad Internacional Men\u00e9ndez Pelayo (UIMP) summer courses in Santander. \u00a0 SEE THE PUBLICATION &nbsp; &nbsp;\" \/>\n<meta property=\"og:url\" content=\"https:\/\/www.fundacionpombo.org\/en\/la-presuncion-de-inocencia-y-los-juicios-paralelos\/\" \/>\n<meta property=\"og:site_name\" content=\"Fundaci\u00f3n Fernando Pombo\" \/>\n<meta property=\"article:publisher\" content=\"https:\/\/www.facebook.com\/FundacionFernandoPombo\" \/>\n<meta property=\"article:published_time\" content=\"2012-12-30T10:48:10+00:00\" \/>\n<meta property=\"article:modified_time\" content=\"2021-03-16T17:18:43+00:00\" \/>\n<meta property=\"og:image\" content=\"https:\/\/www.fundacionpombo.org\/web\/wp-content\/uploads\/2020\/03\/La-presuncio\u0301n-de-inocencia.png\" \/>\n\t<meta property=\"og:image:width\" content=\"1237\" \/>\n\t<meta property=\"og:image:height\" content=\"1683\" \/>\n\t<meta property=\"og:image:type\" content=\"image\/png\" \/>\n<meta name=\"author\" content=\"Mer\" \/>\n<meta name=\"twitter:card\" content=\"summary_large_image\" \/>\n<meta name=\"twitter:creator\" content=\"@FundacionFPombo\" \/>\n<meta name=\"twitter:site\" content=\"@FundacionFPombo\" \/>\n<script type=\"application\/ld+json\" class=\"yoast-schema-graph\">{\"@context\":\"https:\\\/\\\/schema.org\",\"@graph\":[{\"@type\":\"Article\",\"@id\":\"https:\\\/\\\/www.fundacionpombo.org\\\/en\\\/la-presuncion-de-inocencia-y-los-juicios-paralelos\\\/#article\",\"isPartOf\":{\"@id\":\"https:\\\/\\\/www.fundacionpombo.org\\\/en\\\/la-presuncion-de-inocencia-y-los-juicios-paralelos\\\/\"},\"author\":{\"name\":\"Mer\",\"@id\":\"https:\\\/\\\/www.fundacionpombo.org\\\/en\\\/#\\\/schema\\\/person\\\/f02ae5a0df8b880542c84ab28d453c91\"},\"headline\":\"The presumption of innocence and trials by media\",\"datePublished\":\"2012-12-30T10:48:10+00:00\",\"dateModified\":\"2021-03-16T17:18:43+00:00\",\"mainEntityOfPage\":{\"@id\":\"https:\\\/\\\/www.fundacionpombo.org\\\/en\\\/la-presuncion-de-inocencia-y-los-juicios-paralelos\\\/\"},\"wordCount\":86,\"image\":{\"@id\":\"https:\\\/\\\/www.fundacionpombo.org\\\/en\\\/la-presuncion-de-inocencia-y-los-juicios-paralelos\\\/#primaryimage\"},\"thumbnailUrl\":\"https:\\\/\\\/www.fundacionpombo.org\\\/web\\\/wp-content\\\/uploads\\\/2020\\\/03\\\/La-presuncio\u0301n-de-inocencia.png\",\"articleSection\":[\"Publications\"],\"inLanguage\":\"en-US\"},{\"@type\":\"WebPage\",\"@id\":\"https:\\\/\\\/www.fundacionpombo.org\\\/en\\\/la-presuncion-de-inocencia-y-los-juicios-paralelos\\\/\",\"url\":\"https:\\\/\\\/www.fundacionpombo.org\\\/en\\\/la-presuncion-de-inocencia-y-los-juicios-paralelos\\\/\",\"name\":\"The presumption of innocence and trials by media - Fundaci\u00f3n Fernando Pombo\",\"isPartOf\":{\"@id\":\"https:\\\/\\\/www.fundacionpombo.org\\\/en\\\/#website\"},\"primaryImageOfPage\":{\"@id\":\"https:\\\/\\\/www.fundacionpombo.org\\\/en\\\/la-presuncion-de-inocencia-y-los-juicios-paralelos\\\/#primaryimage\"},\"image\":{\"@id\":\"https:\\\/\\\/www.fundacionpombo.org\\\/en\\\/la-presuncion-de-inocencia-y-los-juicios-paralelos\\\/#primaryimage\"},\"thumbnailUrl\":\"https:\\\/\\\/www.fundacionpombo.org\\\/web\\\/wp-content\\\/uploads\\\/2020\\\/03\\\/La-presuncio\u0301n-de-inocencia.png\",\"datePublished\":\"2012-12-30T10:48:10+00:00\",\"dateModified\":\"2021-03-16T17:18:43+00:00\",\"author\":{\"@id\":\"https:\\\/\\\/www.fundacionpombo.org\\\/en\\\/#\\\/schema\\\/person\\\/f02ae5a0df8b880542c84ab28d453c91\"},\"breadcrumb\":{\"@id\":\"https:\\\/\\\/www.fundacionpombo.org\\\/en\\\/la-presuncion-de-inocencia-y-los-juicios-paralelos\\\/#breadcrumb\"},\"inLanguage\":\"en-US\",\"potentialAction\":[{\"@type\":\"ReadAction\",\"target\":[\"https:\\\/\\\/www.fundacionpombo.org\\\/en\\\/la-presuncion-de-inocencia-y-los-juicios-paralelos\\\/\"]}]},{\"@type\":\"ImageObject\",\"inLanguage\":\"en-US\",\"@id\":\"https:\\\/\\\/www.fundacionpombo.org\\\/en\\\/la-presuncion-de-inocencia-y-los-juicios-paralelos\\\/#primaryimage\",\"url\":\"https:\\\/\\\/www.fundacionpombo.org\\\/web\\\/wp-content\\\/uploads\\\/2020\\\/03\\\/La-presuncio\u0301n-de-inocencia.png\",\"contentUrl\":\"https:\\\/\\\/www.fundacionpombo.org\\\/web\\\/wp-content\\\/uploads\\\/2020\\\/03\\\/La-presuncio\u0301n-de-inocencia.png\",\"width\":1237,\"height\":1683},{\"@type\":\"BreadcrumbList\",\"@id\":\"https:\\\/\\\/www.fundacionpombo.org\\\/en\\\/la-presuncion-de-inocencia-y-los-juicios-paralelos\\\/#breadcrumb\",\"itemListElement\":[{\"@type\":\"ListItem\",\"position\":1,\"name\":\"Portada\",\"item\":\"https:\\\/\\\/www.fundacionpombo.org\\\/en\\\/\"},{\"@type\":\"ListItem\",\"position\":2,\"name\":\"The presumption of innocence and trials by media\"}]},{\"@type\":\"WebSite\",\"@id\":\"https:\\\/\\\/www.fundacionpombo.org\\\/en\\\/#website\",\"url\":\"https:\\\/\\\/www.fundacionpombo.org\\\/en\\\/\",\"name\":\"Fundaci\u00f3n Fernando Pombo\",\"description\":\"Abogac\u00eda responsable por un mundo m\u00e1s justo\",\"potentialAction\":[{\"@type\":\"SearchAction\",\"target\":{\"@type\":\"EntryPoint\",\"urlTemplate\":\"https:\\\/\\\/www.fundacionpombo.org\\\/en\\\/?s={search_term_string}\"},\"query-input\":{\"@type\":\"PropertyValueSpecification\",\"valueRequired\":true,\"valueName\":\"search_term_string\"}}],\"inLanguage\":\"en-US\"},{\"@type\":\"Person\",\"@id\":\"https:\\\/\\\/www.fundacionpombo.org\\\/en\\\/#\\\/schema\\\/person\\\/f02ae5a0df8b880542c84ab28d453c91\",\"name\":\"Mer\"}]}<\/script>\n<!-- \/ Yoast SEO plugin. -->","yoast_head_json":{"title":"The presumption of innocence and trials by media - Fundaci\u00f3n Fernando Pombo","robots":{"index":"index","follow":"follow","max-snippet":"max-snippet:-1","max-image-preview":"max-image-preview:large","max-video-preview":"max-video-preview:-1"},"canonical":"https:\/\/www.fundacionpombo.org\/en\/la-presuncion-de-inocencia-y-los-juicios-paralelos\/","og_locale":"en_US","og_type":"article","og_title":"The presumption of innocence and trials by media - Fundaci\u00f3n Fernando Pombo","og_description":"A new work which analyses the confrontation and existing limits between the fundamental right to the presumption of innocence and the fundamental rights to freedom of information and freedom of expression related to media trials. It gathers the lectures delivered at the \u201cThe presumption of innocence and trials by media\u201d conference held in 2012 by the Fernando Pombo Foundation in the framework of the Universidad Internacional Men\u00e9ndez Pelayo (UIMP) summer courses in Santander. \u00a0 SEE THE PUBLICATION &nbsp; &nbsp;","og_url":"https:\/\/www.fundacionpombo.org\/en\/la-presuncion-de-inocencia-y-los-juicios-paralelos\/","og_site_name":"Fundaci\u00f3n Fernando Pombo","article_publisher":"https:\/\/www.facebook.com\/FundacionFernandoPombo","article_published_time":"2012-12-30T10:48:10+00:00","article_modified_time":"2021-03-16T17:18:43+00:00","og_image":[{"width":1237,"height":1683,"url":"https:\/\/www.fundacionpombo.org\/web\/wp-content\/uploads\/2020\/03\/La-presuncio\u0301n-de-inocencia.png","type":"image\/png"}],"author":"Mer","twitter_card":"summary_large_image","twitter_creator":"@FundacionFPombo","twitter_site":"@FundacionFPombo","schema":{"@context":"https:\/\/schema.org","@graph":[{"@type":"Article","@id":"https:\/\/www.fundacionpombo.org\/en\/la-presuncion-de-inocencia-y-los-juicios-paralelos\/#article","isPartOf":{"@id":"https:\/\/www.fundacionpombo.org\/en\/la-presuncion-de-inocencia-y-los-juicios-paralelos\/"},"author":{"name":"Mer","@id":"https:\/\/www.fundacionpombo.org\/en\/#\/schema\/person\/f02ae5a0df8b880542c84ab28d453c91"},"headline":"The presumption of innocence and trials by media","datePublished":"2012-12-30T10:48:10+00:00","dateModified":"2021-03-16T17:18:43+00:00","mainEntityOfPage":{"@id":"https:\/\/www.fundacionpombo.org\/en\/la-presuncion-de-inocencia-y-los-juicios-paralelos\/"},"wordCount":86,"image":{"@id":"https:\/\/www.fundacionpombo.org\/en\/la-presuncion-de-inocencia-y-los-juicios-paralelos\/#primaryimage"},"thumbnailUrl":"https:\/\/www.fundacionpombo.org\/web\/wp-content\/uploads\/2020\/03\/La-presuncio\u0301n-de-inocencia.png","articleSection":["Publications"],"inLanguage":"en-US"},{"@type":"WebPage","@id":"https:\/\/www.fundacionpombo.org\/en\/la-presuncion-de-inocencia-y-los-juicios-paralelos\/","url":"https:\/\/www.fundacionpombo.org\/en\/la-presuncion-de-inocencia-y-los-juicios-paralelos\/","name":"The presumption of innocence and trials by media - Fundaci\u00f3n Fernando Pombo","isPartOf":{"@id":"https:\/\/www.fundacionpombo.org\/en\/#website"},"primaryImageOfPage":{"@id":"https:\/\/www.fundacionpombo.org\/en\/la-presuncion-de-inocencia-y-los-juicios-paralelos\/#primaryimage"},"image":{"@id":"https:\/\/www.fundacionpombo.org\/en\/la-presuncion-de-inocencia-y-los-juicios-paralelos\/#primaryimage"},"thumbnailUrl":"https:\/\/www.fundacionpombo.org\/web\/wp-content\/uploads\/2020\/03\/La-presuncio\u0301n-de-inocencia.png","datePublished":"2012-12-30T10:48:10+00:00","dateModified":"2021-03-16T17:18:43+00:00","author":{"@id":"https:\/\/www.fundacionpombo.org\/en\/#\/schema\/person\/f02ae5a0df8b880542c84ab28d453c91"},"breadcrumb":{"@id":"https:\/\/www.fundacionpombo.org\/en\/la-presuncion-de-inocencia-y-los-juicios-paralelos\/#breadcrumb"},"inLanguage":"en-US","potentialAction":[{"@type":"ReadAction","target":["https:\/\/www.fundacionpombo.org\/en\/la-presuncion-de-inocencia-y-los-juicios-paralelos\/"]}]},{"@type":"ImageObject","inLanguage":"en-US","@id":"https:\/\/www.fundacionpombo.org\/en\/la-presuncion-de-inocencia-y-los-juicios-paralelos\/#primaryimage","url":"https:\/\/www.fundacionpombo.org\/web\/wp-content\/uploads\/2020\/03\/La-presuncio\u0301n-de-inocencia.png","contentUrl":"https:\/\/www.fundacionpombo.org\/web\/wp-content\/uploads\/2020\/03\/La-presuncio\u0301n-de-inocencia.png","width":1237,"height":1683},{"@type":"BreadcrumbList","@id":"https:\/\/www.fundacionpombo.org\/en\/la-presuncion-de-inocencia-y-los-juicios-paralelos\/#breadcrumb","itemListElement":[{"@type":"ListItem","position":1,"name":"Portada","item":"https:\/\/www.fundacionpombo.org\/en\/"},{"@type":"ListItem","position":2,"name":"The presumption of innocence and trials by media"}]},{"@type":"WebSite","@id":"https:\/\/www.fundacionpombo.org\/en\/#website","url":"https:\/\/www.fundacionpombo.org\/en\/","name":"Fundaci\u00f3n Fernando Pombo","description":"Abogac\u00eda responsable por un mundo m\u00e1s justo","potentialAction":[{"@type":"SearchAction","target":{"@type":"EntryPoint","urlTemplate":"https:\/\/www.fundacionpombo.org\/en\/?s={search_term_string}"},"query-input":{"@type":"PropertyValueSpecification","valueRequired":true,"valueName":"search_term_string"}}],"inLanguage":"en-US"},{"@type":"Person","@id":"https:\/\/www.fundacionpombo.org\/en\/#\/schema\/person\/f02ae5a0df8b880542c84ab28d453c91","name":"Mer"}]}},"_links":{"self":[{"href":"https:\/\/www.fundacionpombo.org\/en\/wp-json\/wp\/v2\/posts\/26029","targetHints":{"allow":["GET"]}}],"collection":[{"href":"https:\/\/www.fundacionpombo.org\/en\/wp-json\/wp\/v2\/posts"}],"about":[{"href":"https:\/\/www.fundacionpombo.org\/en\/wp-json\/wp\/v2\/types\/post"}],"author":[{"embeddable":true,"href":"https:\/\/www.fundacionpombo.org\/en\/wp-json\/wp\/v2\/users\/2"}],"replies":[{"embeddable":true,"href":"https:\/\/www.fundacionpombo.org\/en\/wp-json\/wp\/v2\/comments?post=26029"}],"version-history":[{"count":0,"href":"https:\/\/www.fundacionpombo.org\/en\/wp-json\/wp\/v2\/posts\/26029\/revisions"}],"wp:featuredmedia":[{"embeddable":true,"href":"https:\/\/www.fundacionpombo.org\/en\/wp-json\/wp\/v2\/media\/25099"}],"wp:attachment":[{"href":"https:\/\/www.fundacionpombo.org\/en\/wp-json\/wp\/v2\/media?parent=26029"}],"wp:term":[{"taxonomy":"category","embeddable":true,"href":"https:\/\/www.fundacionpombo.org\/en\/wp-json\/wp\/v2\/categories?post=26029"},{"taxonomy":"post_tag","embeddable":true,"href":"https:\/\/www.fundacionpombo.org\/en\/wp-json\/wp\/v2\/tags?post=26029"}],"curies":[{"name":"wp","href":"https:\/\/api.w.org\/{rel}","templated":true}]}}