{"id":27317,"date":"2021-03-02T12:16:16","date_gmt":"2021-03-02T11:16:16","guid":{"rendered":"https:\/\/www.fundacionpombo.org\/?p=27317"},"modified":"2022-08-02T10:06:32","modified_gmt":"2022-08-02T08:06:32","slug":"dare-to-e-defy-gender-based-violence-and-data-protection","status":"publish","type":"post","link":"https:\/\/www.fundacionpombo.org\/en\/dare-to-e-defy-gender-based-violence-and-data-protection\/","title":{"rendered":"\u201cDare to E-Defy\u201d: gender-based violence and data protection"},"content":{"rendered":"<p class=\"p1\">The Clinton Global Initiative University community (CGIU), an initiative promoted by the Clinton Foundation, has selected our project \u201cDare to E-Defy\u201d.<\/p>\n<p class=\"p1\">For many years, the Fundaci\u00f3n Fernando Pombo has tirelessly worked to defend the rights of victims of gender-based violence, and during this past year, during which social relationships have been relegated to digital contact, we have focused our efforts on gender-based violence in digital environments.<\/p>\n<p class=\"p1\">The use of technology by youth is beneficial in many aspects. However, it can also lead to violence, which can occur quite easily because access to victims is nearly immediate. If young people receive proper education in this matter, it is estimated that the risk of self-exposure on networks would be reduced and, accordingly, digital gender-based violence would be greatly lessened.<\/p>\n<p class=\"p1\">For this reason, our paralegal, Alejandra Mart\u00edn, and the Fundaci\u00f3n Fernando Pombo are committed to the eradication of gender-based violence in general, but, more specifically, to the prevention of digital violence against young women. This commitment for action intends to raise awareness on digital violence and data protection for victims by creating educational material with a legal focus which is written in easily accessible and understandable language in order to educate victims of digital violence.<\/p>\n","protected":false},"excerpt":{"rendered":"<p>The Clinton Global Initiative University community (CGIU), an initiative promoted by the Clinton Foundation, has selected our project \u201cDare to E-Defy\u201d. For many years, the Fundaci\u00f3n Fernando Pombo has tirelessly worked to defend the rights of victims of gender-based violence, and during this past year, during which social relationships have been relegated to digital contact, we have focused our efforts on gender-based violence in digital environments. The use of technology by youth is beneficial in many aspects. However, it can also lead to violence, which can occur quite easily because access to victims is nearly immediate. If young people receive proper education in this matter, it is estimated that the risk of self-exposure on networks would be reduced and, accordingly, digital gender-based violence would be greatly lessened. For this reason, our paralegal, Alejandra Mart\u00edn, and the Fundaci\u00f3n Fernando Pombo are committed to the eradication of gender-based violence in general, but, more specifically, to the prevention of digital violence against young women. This commitment for action intends to raise awareness on digital violence and data protection for victims by creating educational material with a legal focus which is written in easily accessible and understandable language in order to educate victims of&hellip; <a class=\"continue\" href=\"https:\/\/www.fundacionpombo.org\/en\/dare-to-e-defy-gender-based-violence-and-data-protection\/\">Continuar leyendo<span> \u201cDare to E-Defy\u201d: gender-based violence and data protection<\/span><\/a><\/p>\n","protected":false},"author":3,"featured_media":26119,"comment_status":"closed","ping_status":"closed","sticky":false,"template":"","format":"standard","meta":{"wds_primary_category":0,"footnotes":""},"categories":[161],"tags":[],"class_list":["post-27317","post","type-post","status-publish","format-standard","has-post-thumbnail","hentry","category-empresas-y-derechos-humanos-en"],"yoast_head":"<!-- This site is optimized with the Yoast SEO plugin v27.4 - https:\/\/yoast.com\/product\/yoast-seo-wordpress\/ -->\n<title>\u201cDare to E-Defy\u201d: gender-based violence and data protection - Fundaci\u00f3n Fernando Pombo<\/title>\n<meta name=\"robots\" content=\"index, follow, max-snippet:-1, max-image-preview:large, max-video-preview:-1\" \/>\n<link rel=\"canonical\" href=\"https:\/\/www.fundacionpombo.org\/en\/dare-to-e-defy-gender-based-violence-and-data-protection\/\" \/>\n<meta property=\"og:locale\" content=\"en_US\" \/>\n<meta property=\"og:type\" content=\"article\" \/>\n<meta property=\"og:title\" content=\"\u201cDare to E-Defy\u201d: gender-based violence and data protection - Fundaci\u00f3n Fernando Pombo\" \/>\n<meta property=\"og:description\" content=\"The Clinton Global Initiative University community (CGIU), an initiative promoted by the Clinton Foundation, has selected our project \u201cDare to E-Defy\u201d. For many years, the Fundaci\u00f3n Fernando Pombo has tirelessly worked to defend the rights of victims of gender-based violence, and during this past year, during which social relationships have been relegated to digital contact, we have focused our efforts on gender-based violence in digital environments. The use of technology by youth is beneficial in many aspects. However, it can also lead to violence, which can occur quite easily because access to victims is nearly immediate. If young people receive proper education in this matter, it is estimated that the risk of self-exposure on networks would be reduced and, accordingly, digital gender-based violence would be greatly lessened. For this reason, our paralegal, Alejandra Mart\u00edn, and the Fundaci\u00f3n Fernando Pombo are committed to the eradication of gender-based violence in general, but, more specifically, to the prevention of digital violence against young women. This commitment for action intends to raise awareness on digital violence and data protection for victims by creating educational material with a legal focus which is written in easily accessible and understandable language in order to educate victims of&hellip; Continuar leyendo \u201cDare to E-Defy\u201d: gender-based violence and data protection\" \/>\n<meta property=\"og:url\" content=\"https:\/\/www.fundacionpombo.org\/en\/dare-to-e-defy-gender-based-violence-and-data-protection\/\" \/>\n<meta property=\"og:site_name\" content=\"Fundaci\u00f3n Fernando Pombo\" \/>\n<meta property=\"article:publisher\" content=\"https:\/\/www.facebook.com\/FundacionFernandoPombo\" \/>\n<meta property=\"article:published_time\" content=\"2021-03-02T11:16:16+00:00\" \/>\n<meta property=\"article:modified_time\" content=\"2022-08-02T08:06:32+00:00\" \/>\n<meta property=\"og:image\" content=\"https:\/\/www.fundacionpombo.org\/web\/wp-content\/uploads\/2021\/04\/Captura-de-pantalla-2021-04-28-a-las-12.12.28.png\" \/>\n\t<meta property=\"og:image:width\" content=\"544\" \/>\n\t<meta property=\"og:image:height\" content=\"271\" \/>\n\t<meta property=\"og:image:type\" content=\"image\/png\" \/>\n<meta name=\"author\" content=\"Rafael\" \/>\n<meta name=\"twitter:card\" content=\"summary_large_image\" \/>\n<meta name=\"twitter:creator\" content=\"@FundacionFPombo\" \/>\n<meta name=\"twitter:site\" content=\"@FundacionFPombo\" \/>\n<script type=\"application\/ld+json\" class=\"yoast-schema-graph\">{\"@context\":\"https:\\\/\\\/schema.org\",\"@graph\":[{\"@type\":\"Article\",\"@id\":\"https:\\\/\\\/www.fundacionpombo.org\\\/en\\\/dare-to-e-defy-gender-based-violence-and-data-protection\\\/#article\",\"isPartOf\":{\"@id\":\"https:\\\/\\\/www.fundacionpombo.org\\\/en\\\/dare-to-e-defy-gender-based-violence-and-data-protection\\\/\"},\"author\":{\"name\":\"Rafael\",\"@id\":\"https:\\\/\\\/www.fundacionpombo.org\\\/en\\\/#\\\/schema\\\/person\\\/abce2d66155cf1cb64ffd53b2994777c\"},\"headline\":\"\u201cDare to E-Defy\u201d: gender-based violence and data protection\",\"datePublished\":\"2021-03-02T11:16:16+00:00\",\"dateModified\":\"2022-08-02T08:06:32+00:00\",\"mainEntityOfPage\":{\"@id\":\"https:\\\/\\\/www.fundacionpombo.org\\\/en\\\/dare-to-e-defy-gender-based-violence-and-data-protection\\\/\"},\"wordCount\":213,\"image\":{\"@id\":\"https:\\\/\\\/www.fundacionpombo.org\\\/en\\\/dare-to-e-defy-gender-based-violence-and-data-protection\\\/#primaryimage\"},\"thumbnailUrl\":\"https:\\\/\\\/www.fundacionpombo.org\\\/web\\\/wp-content\\\/uploads\\\/2021\\\/04\\\/Captura-de-pantalla-2021-04-28-a-las-12.12.28.png\",\"articleSection\":[\"Empresas y Derechos Humanos\"],\"inLanguage\":\"en-US\"},{\"@type\":\"WebPage\",\"@id\":\"https:\\\/\\\/www.fundacionpombo.org\\\/en\\\/dare-to-e-defy-gender-based-violence-and-data-protection\\\/\",\"url\":\"https:\\\/\\\/www.fundacionpombo.org\\\/en\\\/dare-to-e-defy-gender-based-violence-and-data-protection\\\/\",\"name\":\"\u201cDare to E-Defy\u201d: gender-based violence and data protection - Fundaci\u00f3n Fernando Pombo\",\"isPartOf\":{\"@id\":\"https:\\\/\\\/www.fundacionpombo.org\\\/en\\\/#website\"},\"primaryImageOfPage\":{\"@id\":\"https:\\\/\\\/www.fundacionpombo.org\\\/en\\\/dare-to-e-defy-gender-based-violence-and-data-protection\\\/#primaryimage\"},\"image\":{\"@id\":\"https:\\\/\\\/www.fundacionpombo.org\\\/en\\\/dare-to-e-defy-gender-based-violence-and-data-protection\\\/#primaryimage\"},\"thumbnailUrl\":\"https:\\\/\\\/www.fundacionpombo.org\\\/web\\\/wp-content\\\/uploads\\\/2021\\\/04\\\/Captura-de-pantalla-2021-04-28-a-las-12.12.28.png\",\"datePublished\":\"2021-03-02T11:16:16+00:00\",\"dateModified\":\"2022-08-02T08:06:32+00:00\",\"author\":{\"@id\":\"https:\\\/\\\/www.fundacionpombo.org\\\/en\\\/#\\\/schema\\\/person\\\/abce2d66155cf1cb64ffd53b2994777c\"},\"breadcrumb\":{\"@id\":\"https:\\\/\\\/www.fundacionpombo.org\\\/en\\\/dare-to-e-defy-gender-based-violence-and-data-protection\\\/#breadcrumb\"},\"inLanguage\":\"en-US\",\"potentialAction\":[{\"@type\":\"ReadAction\",\"target\":[\"https:\\\/\\\/www.fundacionpombo.org\\\/en\\\/dare-to-e-defy-gender-based-violence-and-data-protection\\\/\"]}]},{\"@type\":\"ImageObject\",\"inLanguage\":\"en-US\",\"@id\":\"https:\\\/\\\/www.fundacionpombo.org\\\/en\\\/dare-to-e-defy-gender-based-violence-and-data-protection\\\/#primaryimage\",\"url\":\"https:\\\/\\\/www.fundacionpombo.org\\\/web\\\/wp-content\\\/uploads\\\/2021\\\/04\\\/Captura-de-pantalla-2021-04-28-a-las-12.12.28.png\",\"contentUrl\":\"https:\\\/\\\/www.fundacionpombo.org\\\/web\\\/wp-content\\\/uploads\\\/2021\\\/04\\\/Captura-de-pantalla-2021-04-28-a-las-12.12.28.png\",\"width\":544,\"height\":271},{\"@type\":\"BreadcrumbList\",\"@id\":\"https:\\\/\\\/www.fundacionpombo.org\\\/en\\\/dare-to-e-defy-gender-based-violence-and-data-protection\\\/#breadcrumb\",\"itemListElement\":[{\"@type\":\"ListItem\",\"position\":1,\"name\":\"Portada\",\"item\":\"https:\\\/\\\/www.fundacionpombo.org\\\/en\\\/\"},{\"@type\":\"ListItem\",\"position\":2,\"name\":\"\u201cDare to E-Defy\u201d: gender-based violence and data protection\"}]},{\"@type\":\"WebSite\",\"@id\":\"https:\\\/\\\/www.fundacionpombo.org\\\/en\\\/#website\",\"url\":\"https:\\\/\\\/www.fundacionpombo.org\\\/en\\\/\",\"name\":\"Fundaci\u00f3n Fernando Pombo\",\"description\":\"Abogac\u00eda responsable por un mundo m\u00e1s justo\",\"potentialAction\":[{\"@type\":\"SearchAction\",\"target\":{\"@type\":\"EntryPoint\",\"urlTemplate\":\"https:\\\/\\\/www.fundacionpombo.org\\\/en\\\/?s={search_term_string}\"},\"query-input\":{\"@type\":\"PropertyValueSpecification\",\"valueRequired\":true,\"valueName\":\"search_term_string\"}}],\"inLanguage\":\"en-US\"},{\"@type\":\"Person\",\"@id\":\"https:\\\/\\\/www.fundacionpombo.org\\\/en\\\/#\\\/schema\\\/person\\\/abce2d66155cf1cb64ffd53b2994777c\",\"name\":\"Rafael\"}]}<\/script>\n<!-- \/ Yoast SEO plugin. -->","yoast_head_json":{"title":"\u201cDare to E-Defy\u201d: gender-based violence and data protection - Fundaci\u00f3n Fernando Pombo","robots":{"index":"index","follow":"follow","max-snippet":"max-snippet:-1","max-image-preview":"max-image-preview:large","max-video-preview":"max-video-preview:-1"},"canonical":"https:\/\/www.fundacionpombo.org\/en\/dare-to-e-defy-gender-based-violence-and-data-protection\/","og_locale":"en_US","og_type":"article","og_title":"\u201cDare to E-Defy\u201d: gender-based violence and data protection - Fundaci\u00f3n Fernando Pombo","og_description":"The Clinton Global Initiative University community (CGIU), an initiative promoted by the Clinton Foundation, has selected our project \u201cDare to E-Defy\u201d. For many years, the Fundaci\u00f3n Fernando Pombo has tirelessly worked to defend the rights of victims of gender-based violence, and during this past year, during which social relationships have been relegated to digital contact, we have focused our efforts on gender-based violence in digital environments. The use of technology by youth is beneficial in many aspects. However, it can also lead to violence, which can occur quite easily because access to victims is nearly immediate. If young people receive proper education in this matter, it is estimated that the risk of self-exposure on networks would be reduced and, accordingly, digital gender-based violence would be greatly lessened. For this reason, our paralegal, Alejandra Mart\u00edn, and the Fundaci\u00f3n Fernando Pombo are committed to the eradication of gender-based violence in general, but, more specifically, to the prevention of digital violence against young women. This commitment for action intends to raise awareness on digital violence and data protection for victims by creating educational material with a legal focus which is written in easily accessible and understandable language in order to educate victims of&hellip; Continuar leyendo \u201cDare to E-Defy\u201d: gender-based violence and data protection","og_url":"https:\/\/www.fundacionpombo.org\/en\/dare-to-e-defy-gender-based-violence-and-data-protection\/","og_site_name":"Fundaci\u00f3n Fernando Pombo","article_publisher":"https:\/\/www.facebook.com\/FundacionFernandoPombo","article_published_time":"2021-03-02T11:16:16+00:00","article_modified_time":"2022-08-02T08:06:32+00:00","og_image":[{"width":544,"height":271,"url":"https:\/\/www.fundacionpombo.org\/web\/wp-content\/uploads\/2021\/04\/Captura-de-pantalla-2021-04-28-a-las-12.12.28.png","type":"image\/png"}],"author":"Rafael","twitter_card":"summary_large_image","twitter_creator":"@FundacionFPombo","twitter_site":"@FundacionFPombo","schema":{"@context":"https:\/\/schema.org","@graph":[{"@type":"Article","@id":"https:\/\/www.fundacionpombo.org\/en\/dare-to-e-defy-gender-based-violence-and-data-protection\/#article","isPartOf":{"@id":"https:\/\/www.fundacionpombo.org\/en\/dare-to-e-defy-gender-based-violence-and-data-protection\/"},"author":{"name":"Rafael","@id":"https:\/\/www.fundacionpombo.org\/en\/#\/schema\/person\/abce2d66155cf1cb64ffd53b2994777c"},"headline":"\u201cDare to E-Defy\u201d: gender-based violence and data protection","datePublished":"2021-03-02T11:16:16+00:00","dateModified":"2022-08-02T08:06:32+00:00","mainEntityOfPage":{"@id":"https:\/\/www.fundacionpombo.org\/en\/dare-to-e-defy-gender-based-violence-and-data-protection\/"},"wordCount":213,"image":{"@id":"https:\/\/www.fundacionpombo.org\/en\/dare-to-e-defy-gender-based-violence-and-data-protection\/#primaryimage"},"thumbnailUrl":"https:\/\/www.fundacionpombo.org\/web\/wp-content\/uploads\/2021\/04\/Captura-de-pantalla-2021-04-28-a-las-12.12.28.png","articleSection":["Empresas y Derechos Humanos"],"inLanguage":"en-US"},{"@type":"WebPage","@id":"https:\/\/www.fundacionpombo.org\/en\/dare-to-e-defy-gender-based-violence-and-data-protection\/","url":"https:\/\/www.fundacionpombo.org\/en\/dare-to-e-defy-gender-based-violence-and-data-protection\/","name":"\u201cDare to E-Defy\u201d: gender-based violence and data protection - Fundaci\u00f3n Fernando Pombo","isPartOf":{"@id":"https:\/\/www.fundacionpombo.org\/en\/#website"},"primaryImageOfPage":{"@id":"https:\/\/www.fundacionpombo.org\/en\/dare-to-e-defy-gender-based-violence-and-data-protection\/#primaryimage"},"image":{"@id":"https:\/\/www.fundacionpombo.org\/en\/dare-to-e-defy-gender-based-violence-and-data-protection\/#primaryimage"},"thumbnailUrl":"https:\/\/www.fundacionpombo.org\/web\/wp-content\/uploads\/2021\/04\/Captura-de-pantalla-2021-04-28-a-las-12.12.28.png","datePublished":"2021-03-02T11:16:16+00:00","dateModified":"2022-08-02T08:06:32+00:00","author":{"@id":"https:\/\/www.fundacionpombo.org\/en\/#\/schema\/person\/abce2d66155cf1cb64ffd53b2994777c"},"breadcrumb":{"@id":"https:\/\/www.fundacionpombo.org\/en\/dare-to-e-defy-gender-based-violence-and-data-protection\/#breadcrumb"},"inLanguage":"en-US","potentialAction":[{"@type":"ReadAction","target":["https:\/\/www.fundacionpombo.org\/en\/dare-to-e-defy-gender-based-violence-and-data-protection\/"]}]},{"@type":"ImageObject","inLanguage":"en-US","@id":"https:\/\/www.fundacionpombo.org\/en\/dare-to-e-defy-gender-based-violence-and-data-protection\/#primaryimage","url":"https:\/\/www.fundacionpombo.org\/web\/wp-content\/uploads\/2021\/04\/Captura-de-pantalla-2021-04-28-a-las-12.12.28.png","contentUrl":"https:\/\/www.fundacionpombo.org\/web\/wp-content\/uploads\/2021\/04\/Captura-de-pantalla-2021-04-28-a-las-12.12.28.png","width":544,"height":271},{"@type":"BreadcrumbList","@id":"https:\/\/www.fundacionpombo.org\/en\/dare-to-e-defy-gender-based-violence-and-data-protection\/#breadcrumb","itemListElement":[{"@type":"ListItem","position":1,"name":"Portada","item":"https:\/\/www.fundacionpombo.org\/en\/"},{"@type":"ListItem","position":2,"name":"\u201cDare to E-Defy\u201d: gender-based violence and data protection"}]},{"@type":"WebSite","@id":"https:\/\/www.fundacionpombo.org\/en\/#website","url":"https:\/\/www.fundacionpombo.org\/en\/","name":"Fundaci\u00f3n Fernando Pombo","description":"Abogac\u00eda responsable por un mundo m\u00e1s justo","potentialAction":[{"@type":"SearchAction","target":{"@type":"EntryPoint","urlTemplate":"https:\/\/www.fundacionpombo.org\/en\/?s={search_term_string}"},"query-input":{"@type":"PropertyValueSpecification","valueRequired":true,"valueName":"search_term_string"}}],"inLanguage":"en-US"},{"@type":"Person","@id":"https:\/\/www.fundacionpombo.org\/en\/#\/schema\/person\/abce2d66155cf1cb64ffd53b2994777c","name":"Rafael"}]}},"_links":{"self":[{"href":"https:\/\/www.fundacionpombo.org\/en\/wp-json\/wp\/v2\/posts\/27317","targetHints":{"allow":["GET"]}}],"collection":[{"href":"https:\/\/www.fundacionpombo.org\/en\/wp-json\/wp\/v2\/posts"}],"about":[{"href":"https:\/\/www.fundacionpombo.org\/en\/wp-json\/wp\/v2\/types\/post"}],"author":[{"embeddable":true,"href":"https:\/\/www.fundacionpombo.org\/en\/wp-json\/wp\/v2\/users\/3"}],"replies":[{"embeddable":true,"href":"https:\/\/www.fundacionpombo.org\/en\/wp-json\/wp\/v2\/comments?post=27317"}],"version-history":[{"count":0,"href":"https:\/\/www.fundacionpombo.org\/en\/wp-json\/wp\/v2\/posts\/27317\/revisions"}],"wp:featuredmedia":[{"embeddable":true,"href":"https:\/\/www.fundacionpombo.org\/en\/wp-json\/wp\/v2\/media\/26119"}],"wp:attachment":[{"href":"https:\/\/www.fundacionpombo.org\/en\/wp-json\/wp\/v2\/media?parent=27317"}],"wp:term":[{"taxonomy":"category","embeddable":true,"href":"https:\/\/www.fundacionpombo.org\/en\/wp-json\/wp\/v2\/categories?post=27317"},{"taxonomy":"post_tag","embeddable":true,"href":"https:\/\/www.fundacionpombo.org\/en\/wp-json\/wp\/v2\/tags?post=27317"}],"curies":[{"name":"wp","href":"https:\/\/api.w.org\/{rel}","templated":true}]}}